{"id":1,"date":"2024-12-22T16:57:12","date_gmt":"2024-12-22T13:57:12","guid":{"rendered":"https:\/\/ekinexpo.com\/?p=1"},"modified":"2025-06-29T12:18:33","modified_gmt":"2025-06-29T09:18:33","slug":"merhaba-dunya","status":"publish","type":"post","link":"https:\/\/ekinexpo.com\/index.php\/2024\/12\/22\/merhaba-dunya\/","title":{"rendered":"Dolardaki y\u00fckseli\u015f, fuar hizmeti veren sirketleri de etkiledi"},"content":{"rendered":"<p>Artan d\u00f6viz kurlar\u0131 fuarc\u0131l\u0131k sekt\u00f6r\u00fcnde stant hizmeti veren \u015firketleri de etkiledi. Malzeme masraflar\u0131n\u0131n artmas\u0131yla anla\u015fma yap\u0131lan firmalara bunu yans\u0131tt\u0131klar\u0131n\u0131 belirten, stant hizmeti veren \u015firketin M\u00fcd\u00fcr\u00fc \u00d6mer Albayrak, Dolar y\u00fckseldi\u011fi zaman ister istemez bizimde maliyetlerimiz y\u00fckseliyor. Maliyetler y\u00fckselince firmalar\u0131m\u0131za bunu yans\u0131tmak durumunda kal\u0131yoruz. \u0130\u015fte firmalarla beraber ortak nokta bulup bunu abzorbe ediyoruz bir \u015fekilde\u201d dedi.<\/p><p>D\u00f6viz kurlar\u0131ndaki y\u00fckseli\u015f fuarc\u0131l\u0131k sekt\u00f6r\u00fcn\u00fc etkiledi. Dolar y\u00fckselince artan malzeme masraflar\u0131 fuar organizasyonlar\u0131na da olumsuz yans\u0131yor. T\u00fcrkiye&#8217;de ve uluslararas\u0131 alanda fuar stant hizmeti veren Ekin Expo&#8217;nun M\u00fcd\u00fcr\u00fc \u00d6mer Albayrak, konuyla ilgili olarak &#8220;Malzeme olarak dolara ba\u011f\u0131ml\u0131 \u00e7al\u0131\u015f\u0131yoruz. Dolar y\u00fckseldi\u011fi zaman ister istemez bizimde maliyetlerimiz y\u00fckseliyor. Maliyetler y\u00fckselince firmalar\u0131m\u0131za bunu yans\u0131tmak durumunda kal\u0131yoruz. \u0130\u015fte firmalarla beraber ortak nokta bulup bunu abzorbe ediyoruz bir \u015fekilde\u201d dedi.<\/p><p><strong>\u201cFuarlar\u0131n T\u00fcrkiye&#8217;nin ekonomisine b\u00fcy\u00fck katk\u0131s\u0131 var\u201d<\/strong><br>Y\u0131llar \u00f6nce T\u00fcrkiye\u2019deki fuar sekt\u00f6r\u00fcn\u00fcn \u00e7ok k\u00fc\u00e7\u00fck oldu\u011funu zamanla geni\u015fleyerek bug\u00fcn \u00f6nemli bir b\u00fcy\u00fckl\u00fc\u011fe ula\u015ft\u0131\u011f\u0131n\u0131 belirten Albayrak, \u201cB\u00f6yle b\u00fcy\u00fck fuar alanlar\u0131m\u0131z yoktu. Fuar sekt\u00f6r\u00fc bu kadar b\u00fcy\u00fcy\u00fcp geli\u015fmemi\u015fti. Biz bu i\u015fe paket stantlarla ba\u015flad\u0131k. Paket stant kurar, masa, sandalye, banko verirdik. B\u00f6yle b\u00fcy\u00fcd\u00fck, ah\u015fap at\u00f6lyeler oldu. Bir fuarda insanlar bir y\u0131l \u00e7al\u0131\u015f\u0131yor ve bir y\u0131lda 10 milyon civar\u0131nda cirolar\u0131 oluyor. Her hafta T\u00fcrkiye\u2019de fuarlar var. T\u00fcrkiye&#8217;nin ekonomisine b\u00fcy\u00fck katk\u0131s\u0131 oldu\u011funu d\u00fc\u015f\u00fcn\u00fcyorum. 2016\u2019ya g\u00f6re 2017 daha ferah daha iyi ge\u00e7ecek gibi g\u00f6z\u00fck\u00fcyor. Fuar sekt\u00f6r\u00fc a\u00e7\u0131s\u0131nda da daha iyi ge\u00e7ecek gibi duruyor\u201d diye konu\u015ftu.<\/p><figure class=\"wp-block-image\"><img decoding=\"async\" src=\"http:\/\/image.cdn.iha.com.tr\/Contents\/pool_file\/2017\/05\/37185_20170203aw974269-04.jpg\" alt=\"Dolardaki y\u00fckseli\u015f, fuar hizmeti veren \u015firketleri de etkiledi\"\/><\/figure><p><strong>\u201cMerdiven alt\u0131 \u00e7al\u0131\u015fanlar y\u00fcz\u00fcnden biz zarar ediyoruz\u201d<\/strong><br>Albayrak, fuar hizmetlerinde merdiven alt\u0131 diye tabir edilen i\u015f g\u00fcvenli\u011fi bulunmadan i\u015f\u00e7i \u00e7al\u0131\u015ft\u0131rarak faaliyet g\u00f6sterenlerin sekt\u00f6r\u00fc olumsuz etkiledi\u011fini belirtti. Albayrak, \u201cGe\u00e7en y\u0131l her hafta bir fuardayd\u0131k 200\u2019den fazla stant kurduk ve y\u0131ll\u0131k ciromuzda 2 bu\u00e7uk milyonun \u00fcst\u00fcndedir. Yan\u0131m\u0131zdaki 25 personelimizle bu i\u015fi yapmak i\u00e7in gecemizi g\u00fcnd\u00fcz\u00fcm\u00fcze kat\u0131yoruz. Merdiven alt\u0131 stant yapan arkada\u015flar \u00fc\u00e7 ki\u015fiyle bu i\u015fi yapmaya \u00e7al\u0131\u015f\u0131yorlar, firmalar\u0131m\u0131zda bu insanlara prim veriyor, i\u015f yapt\u0131r\u0131yorlar. B\u00f6yle oldu\u011fu zaman bizde zarar ediyoruz bizim gibi di\u011fer b\u00fcy\u00fck firmalarda zarar ediyor. Malzeme olarak dolara ba\u011f\u0131ml\u0131 \u00e7al\u0131\u015f\u0131yoruz. Dolar y\u00fckseldi\u011fi zaman ister istemez bizimde maliyetlerimiz y\u00fckseliyor. Maliyetler y\u00fckselince firmalar\u0131m\u0131za bunu yans\u0131tmak durumunda kal\u0131yoruz. \u0130\u015fte firmalarla beraber ortak nokta bulup bunu abzorbe ediyoruz bir \u015fekilde\u201d dedi.<\/p><p><strong>&#8220;Fuarda hi\u00e7bir malzeme \u00e7\u00f6pe gitmiyor&#8221;<\/strong><\/p><p>Fuarda hi\u00e7bir malzemenin \u00e7\u00f6pe gitmedi\u011fini mutlaka bir \u015fekilde de\u011ferlendirildi\u011fini s\u00f6yleyen Albayrak, \u201cFuar i\u00e7in yapt\u0131\u011f\u0131m\u0131z b\u00fct\u00fcn malzemeler geri d\u00f6n\u00fc\u015f\u00fcml\u00fcd\u00fcr. Ya bir sonraki fuarda kullan\u0131l\u0131r ya da mobilya sekt\u00f6r\u00fcnde veya farkl\u0131 bir sekt\u00f6rde de\u011ferlendirilir. Her yapt\u0131\u011f\u0131m\u0131z ah\u015fap stant i\u00e7in kendi orman\u0131m\u0131z var oraya \u00e7am a\u011fac\u0131 dikiyoruz&#8221; dedi.<\/p><p><strong>&#8220;Dolar ile yap\u0131lan s\u00f6zle\u015fmelerde TL&#8217;ye d\u00f6nd\u00fck&#8221;<\/strong><\/p><p>\u00d6te yandan Albayrak, Cumhurba\u015fkan\u0131 Recep Tayyip Erdo\u011fan&#8217;\u0131n &#8220;D\u00f6vizden TL&#8217;ye d\u00f6n\u00fcn&#8221; \u00e7a\u011fr\u0131s\u0131 \u00fczerine dolar ile yap\u0131lan s\u00f6zle\u015fmeleri TL&#8217;ye \u00e7evirdiklerini belirterek &#8220;Cumhurba\u015fkan\u0131m\u0131z Recep Tayyip Erdo\u011fan&#8217;\u0131n \u00e7a\u011fr\u0131s\u0131yla daha \u00f6nceden dolar \u00fczerinden yapt\u0131\u011f\u0131m\u0131z s\u00f6zle\u015fmeleri iptal edip TL\u2019ye \u00e7evirdik\u201d diye konu\u015ftu.<\/p><p><strong>\u201cYurtd\u0131\u015f\u0131ndaki firmalara da stant hizmeti veriyoruz\u201d<\/strong><\/p><p>A\u011f\u0131rl\u0131kl\u0131 olarak ah\u015fap stant imalat\u0131 yapt\u0131klar\u0131n\u0131 belirten Albayrak, \u201cStantlar\u0131n, Dijital bask\u0131s\u0131, CNC kesimi, tasar\u0131m\u0131, sat\u0131\u015f pazarlamas\u0131 tamamen kendi b\u00fcnyemizde. Stantlar\u0131 ah\u015fap at\u00f6lyemizde kendimiz yap\u0131yoruz. Bu sekt\u00f6rde tasar\u0131m biriminin \u00e7ok \u00f6nemi var. Tasar\u0131m biriminin kendi b\u00fcnyemizde olmas\u0131 art\u0131 bir avantaj. Yurtd\u0131\u015f\u0131nda da i\u015f yap\u0131yoruz. Bizim direk gidip kurdu\u011fumuz stantlar\u0131m\u0131zda var yurtd\u0131\u015f\u0131nda \u00e7al\u0131\u015ft\u0131\u011f\u0131m\u0131z ortak firmalar\u0131m\u0131zda var. Bir fuarda 2 bu\u00e7uk g\u00fcnde 35 stant kurduk. 35 stand\u0131n 28 tanesi ah\u015fap 7 tanesi mod\u00fclerdi. Biz stant yaparken zamanla yar\u0131\u015f\u0131yoruz\u201d.<\/p><p>\u00d6mer Albayrak, 10 y\u0131l \u00f6nce 50 metrekare alandan yola \u00e7\u0131karak bug\u00fcn bin metrekare alanda, fuardaki firmalara stant yapt\u0131klar\u0131n\u0131, y\u0131ll\u0131k cirolar\u0131n\u0131n da 2 bu\u00e7uk milyon oldu\u011funu s\u00f6yledi. Albayrak, 50 metrekare alandan yola \u00e7\u0131karak bug\u00fcn bin metrekare alanda, fuardaki firmalara stant yapt\u0131klar\u0131n\u0131 ve stant yaparken zamanla yar\u0131\u015ft\u0131klar\u0131n\u0131 ifade etti. 2 g\u00fcnde 35, bir y\u0131lda ise ortalama 250 stant yapt\u0131klar\u0131n\u0131 dile getiren Albayrak, y\u0131ll\u0131k ortalama 2 bu\u00e7uk milyon ciro elde ettiklerini ayr\u0131ca T\u00fcrkiye\u2019de fuar sekt\u00f6r\u00fcn\u00fcn son y\u0131llarda b\u00fcy\u00fcy\u00fcp, geli\u015fti\u011fini 2017 y\u0131l\u0131nda ise sekt\u00f6r\u00fcn daha rahat nefes alaca\u011f\u0131n\u0131 bekledi\u011fini s\u00f6yledi.<\/p>","protected":false},"excerpt":{"rendered":"<p>Artan d\u00f6viz kurlar\u0131 fuarc\u0131l\u0131k sekt\u00f6r\u00fcnde stant hizmeti veren \u015firketleri de etkiledi. Malzeme masraflar\u0131n\u0131n artmas\u0131yla anla\u015fma yap\u0131lan firmalara bunu yans\u0131tt\u0131klar\u0131n\u0131 belirten, stant hizmeti veren \u015firketin M\u00fcd\u00fcr\u00fc \u00d6mer Albayrak, Dolar y\u00fckseldi\u011fi zaman ister istemez bizimde maliyetlerimiz y\u00fckseliyor. Maliyetler y\u00fckselince firmalar\u0131m\u0131za bunu yans\u0131tmak durumunda kal\u0131yoruz. \u0130\u015fte firmalarla beraber ortak nokta bulup bunu abzorbe ediyoruz bir \u015fekilde\u201d dedi. D\u00f6viz kurlar\u0131ndaki y\u00fckseli\u015f fuarc\u0131l\u0131k sekt\u00f6r\u00fcn\u00fc etkiledi. &hellip;<\/p>\n","protected":false},"author":1,"featured_media":672,"comment_status":"open","ping_status":"open","sticky":false,"template":"","format":"standard","meta":{"_monsterinsights_skip_tracking":false,"_monsterinsights_sitenote_active":false,"_monsterinsights_sitenote_note":"","_monsterinsights_sitenote_category":0,"footnotes":""},"categories":[1],"tags":[],"class_list":["post-1","post","type-post","status-publish","format-standard","has-post-thumbnail","hentry","category-genel"],"aioseo_notices":[],"_links":{"self":[{"href":"https:\/\/ekinexpo.com\/index.php\/wp-json\/wp\/v2\/posts\/1","targetHints":{"allow":["GET"]}}],"collection":[{"href":"https:\/\/ekinexpo.com\/index.php\/wp-json\/wp\/v2\/posts"}],"about":[{"href":"https:\/\/ekinexpo.com\/index.php\/wp-json\/wp\/v2\/types\/post"}],"author":[{"embeddable":true,"href":"https:\/\/ekinexpo.com\/index.php\/wp-json\/wp\/v2\/users\/1"}],"replies":[{"embeddable":true,"href":"https:\/\/ekinexpo.com\/index.php\/wp-json\/wp\/v2\/comments?post=1"}],"version-history":[{"count":2,"href":"https:\/\/ekinexpo.com\/index.php\/wp-json\/wp\/v2\/posts\/1\/revisions"}],"predecessor-version":[{"id":677,"href":"https:\/\/ekinexpo.com\/index.php\/wp-json\/wp\/v2\/posts\/1\/revisions\/677"}],"wp:featuredmedia":[{"embeddable":true,"href":"https:\/\/ekinexpo.com\/index.php\/wp-json\/wp\/v2\/media\/672"}],"wp:attachment":[{"href":"https:\/\/ekinexpo.com\/index.php\/wp-json\/wp\/v2\/media?parent=1"}],"wp:term":[{"taxonomy":"category","embeddable":true,"href":"https:\/\/ekinexpo.com\/index.php\/wp-json\/wp\/v2\/categories?post=1"},{"taxonomy":"post_tag","embeddable":true,"href":"https:\/\/ekinexpo.com\/index.php\/wp-json\/wp\/v2\/tags?post=1"}],"curies":[{"name":"wp","href":"https:\/\/api.w.org\/{rel}","templated":true}]}}