{"id":214,"date":"2021-11-22T11:42:14","date_gmt":"2021-11-22T11:42:14","guid":{"rendered":"https:\/\/obelisk.themescamp.com\/demo5\/?p=214"},"modified":"2025-06-29T12:19:38","modified_gmt":"2025-06-29T09:19:38","slug":"how-to-use-solid-color-combine-with-simple-furnitures","status":"publish","type":"post","link":"https:\/\/ekinexpo.com\/index.php\/2021\/11\/22\/how-to-use-solid-color-combine-with-simple-furnitures\/","title":{"rendered":"Ekinci: &#8216;End\u00fcstriyel a\u011fa\u00e7land\u0131rma \u00f6zel sekt\u00f6r ve devlet i\u015fbirli\u011fiyle yap\u0131lmal\u0131&#8217;"},"content":{"rendered":"<h2 class=\"wp-block-heading\" id=\"content\">Ekinexpo Fuar Stand Hizmetleri Y\u00f6netim Kurulu Ba\u015fkan\u0131 Tacettin Ekinci, end\u00fcstriyel \u00fcretime ge\u00e7i\u015f hedefiyle haz\u0131rlanmas\u0131 g\u00fcndeme al\u0131nan &#8216;Ye\u015fil Ekonomi Ulusal Eylem Plan\u0131&#8217;n\u0131 de\u011ferlendirdi. Ekinci, konuya ili\u015fkin olarak end\u00fcstriyel a\u011fa\u00e7land\u0131rman\u0131n \u00f6zel sekt\u00f6r ve devlet i\u015fbirli\u011fiyle yap\u0131lmas\u0131 gerekti\u011fini belirtti.<\/h2><p>Ekinexpo Fuar Stand Hizmetleri Y\u00f6netim Kurulu Ba\u015fkan\u0131 Tacettin Ekinci, Orman ve Su \u0130\u015fleri Bakanl\u0131\u011f\u0131&#8217;n\u0131n d\u00fczenledi\u011fi Ormanc\u0131l\u0131k ve Su \u015euras\u0131 ile yap\u0131lan \u00e7al\u0131\u015fmada, T\u00fcrkiye&#8217;nin, fidan ihra\u00e7 eden, sanayinin odun ihtiyac\u0131n\u0131 sa\u011flayan, end\u00fcstriyel \u00fcretime ge\u00e7mi\u015f bir \u00fclke olmas\u0131 hedefiyle haz\u0131rlanmas\u0131 g\u00fcndeme al\u0131nan &#8216;Ye\u015fil Ekonomi Ulusal Eylem Plan\u0131&#8217;n\u0131 de\u011ferlendirdi. Kamu ve \u00f6zel sekt\u00f6r\u00fcn yapt\u0131\u011f\u0131 a\u011fa\u00e7land\u0131rma \u00e7al\u0131\u015fmalar\u0131n\u0131n devam\u0131n\u0131n \u00f6nemine vurgu yapan Ekinci, &#8220;\u00d6zel sekt\u00f6r olarak gerekli her t\u00fcrl\u00fc deste\u011fi vermekten geri kalmayaca\u011f\u0131z. Orman haftas\u0131nda sekt\u00f6rel bir sosyal sorumluluk projesi geli\u015ftirmeye karar verdik. Orman alanlar\u0131n\u0131n korunmas\u0131 maksad\u0131yla, Ekinexpo y\u00f6netim kurulumuzda karara ba\u011flad\u0131ktan sonra, m\u00fc\u015fterilerimiz taraf\u0131ndan onaylanan her ah\u015fap stant tasar\u0131m\u0131m\u0131z i\u00e7in bir a\u011fa\u00e7 dikerek m\u00fc\u015fterilerimize sertifika vermeyi planl\u0131yoruz.B\u00f6ylelikle End\u00fcstriyel a\u011fa\u00e7land\u0131rmada bizimde bir katk\u0131m\u0131z olaca\u011f\u0131 inanc\u0131nday\u0131m\u201ddedi.<\/p><p><strong>END\u00dcSTR\u0130YEL A\u011eA\u00c7LANDIRMADA KAMU-\u00d6ZEL \u0130\u015eB\u0130RL\u0130\u011e\u0130&#8221;<\/strong><br>Ekinci, orman \u00fcr\u00fcnleri sanayisinin odun hammaddesi ihtiyac\u0131n\u0131n, \u00f6ncelikle yerli kaynaklardan kar\u015f\u0131lanmas\u0131 gerekti\u011fi kaydeden Ekinci, &#8220;Biyok\u00fctleden enerji \u00fcretilmesine y\u00f6nelik olarak ihtiya\u00e7 duyulacak odun hammaddesini tedarik etmek \u00fczere k\u0131sa s\u00fcrede biyok\u00fctle enerji ormanlar\u0131 kurulmal\u0131d\u0131r&#8221; \u015feklinde konu\u015ftu. End\u00fcstriyel a\u011fa\u00e7land\u0131rma \u00e7al\u0131\u015fmalar\u0131 ile ilgili eylem plan\u0131 haz\u0131rlanmas\u0131 gerekti\u011fine vurgu yapan Ekinci,&#8221;End\u00fcstriyel a\u011fa\u00e7land\u0131rma \u00e7al\u0131\u015fmalar\u0131, \u00f6zel sekt\u00f6r ve devlet i\u015fbirli\u011fi i\u00e7erisinde geli\u015ftirilmeli ve art\u0131r\u0131lmal\u0131d\u0131r&#8221; ifadelerini kulland\u0131. Ekinci, son olarak kamu ve \u00f6zel sekt\u00f6r\u00fcn yapt\u0131\u011f\u0131 a\u011fa\u00e7land\u0131rma \u00e7al\u0131\u015fmalar\u0131n\u0131n devam\u0131n\u0131n \u00f6nemli oldu\u011funa de\u011finerek \u00f6zel sekt\u00f6r olarak gerekli her t\u00fcr deste\u011fi vermekten \u00e7ekinmeyeceklerini aktard\u0131.<\/p>","protected":false},"excerpt":{"rendered":"<p>Ekinexpo Fuar Stand Hizmetleri Y\u00f6netim Kurulu Ba\u015fkan\u0131 Tacettin Ekinci, end\u00fcstriyel \u00fcretime ge\u00e7i\u015f hedefiyle haz\u0131rlanmas\u0131 g\u00fcndeme al\u0131nan &#8216;Ye\u015fil Ekonomi Ulusal Eylem Plan\u0131&#8217;n\u0131 de\u011ferlendirdi. Ekinci, konuya ili\u015fkin olarak end\u00fcstriyel a\u011fa\u00e7land\u0131rman\u0131n \u00f6zel sekt\u00f6r ve devlet i\u015fbirli\u011fiyle yap\u0131lmas\u0131 gerekti\u011fini belirtti. Ekinexpo Fuar Stand Hizmetleri Y\u00f6netim Kurulu Ba\u015fkan\u0131 Tacettin Ekinci, Orman ve Su \u0130\u015fleri Bakanl\u0131\u011f\u0131&#8217;n\u0131n d\u00fczenledi\u011fi Ormanc\u0131l\u0131k ve Su \u015euras\u0131 ile yap\u0131lan \u00e7al\u0131\u015fmada, T\u00fcrkiye&#8217;nin, fidan &hellip;<\/p>\n","protected":false},"author":1,"featured_media":678,"comment_status":"open","ping_status":"open","sticky":false,"template":"","format":"standard","meta":{"_monsterinsights_skip_tracking":false,"_monsterinsights_sitenote_active":false,"_monsterinsights_sitenote_note":"","_monsterinsights_sitenote_category":0,"footnotes":""},"categories":[19],"tags":[],"class_list":["post-214","post","type-post","status-publish","format-standard","has-post-thumbnail","hentry","category-uncategorized"],"aioseo_notices":[],"_links":{"self":[{"href":"https:\/\/ekinexpo.com\/index.php\/wp-json\/wp\/v2\/posts\/214","targetHints":{"allow":["GET"]}}],"collection":[{"href":"https:\/\/ekinexpo.com\/index.php\/wp-json\/wp\/v2\/posts"}],"about":[{"href":"https:\/\/ekinexpo.com\/index.php\/wp-json\/wp\/v2\/types\/post"}],"author":[{"embeddable":true,"href":"https:\/\/ekinexpo.com\/index.php\/wp-json\/wp\/v2\/users\/1"}],"replies":[{"embeddable":true,"href":"https:\/\/ekinexpo.com\/index.php\/wp-json\/wp\/v2\/comments?post=214"}],"version-history":[{"count":1,"href":"https:\/\/ekinexpo.com\/index.php\/wp-json\/wp\/v2\/posts\/214\/revisions"}],"predecessor-version":[{"id":679,"href":"https:\/\/ekinexpo.com\/index.php\/wp-json\/wp\/v2\/posts\/214\/revisions\/679"}],"wp:featuredmedia":[{"embeddable":true,"href":"https:\/\/ekinexpo.com\/index.php\/wp-json\/wp\/v2\/media\/678"}],"wp:attachment":[{"href":"https:\/\/ekinexpo.com\/index.php\/wp-json\/wp\/v2\/media?parent=214"}],"wp:term":[{"taxonomy":"category","embeddable":true,"href":"https:\/\/ekinexpo.com\/index.php\/wp-json\/wp\/v2\/categories?post=214"},{"taxonomy":"post_tag","embeddable":true,"href":"https:\/\/ekinexpo.com\/index.php\/wp-json\/wp\/v2\/tags?post=214"}],"curies":[{"name":"wp","href":"https:\/\/api.w.org\/{rel}","templated":true}]}}