{"id":218,"date":"2021-11-22T11:44:11","date_gmt":"2021-11-22T11:44:11","guid":{"rendered":"https:\/\/obelisk.themescamp.com\/demo5\/?p=218"},"modified":"2025-06-29T12:16:33","modified_gmt":"2025-06-29T09:16:33","slug":"awesome-new-design-for-trending-business-work","status":"publish","type":"post","link":"https:\/\/ekinexpo.com\/index.php\/2021\/11\/22\/awesome-new-design-for-trending-business-work\/","title":{"rendered":"&#8221;D\u00f6viz bozdurma&#8221; \u00e7agr\u0131s\u0131na fuar firmalar\u0131ndan destek"},"content":{"rendered":"<h2 class=\"wp-block-heading\" id=\"content\">Ekinexpo Y\u00f6netim Kurulu Ba\u015fkan\u0131 Tacettin Ekinci, T\u00fcrkiye&#8217;deki esnaf ve sanatkarlar\u0131n kendi \u00e7abalar\u0131 ile ba\u015flatm\u0131\u015f olduklar\u0131 kampanyaya fuar stand tasar\u0131m ve uygulama sekt\u00f6r\u00fc olarak destek verdiklerini a\u00e7\u0131klad\u0131. Ekinci, &#8220;Tasar\u0131m uygulamalar\u0131nda m\u00fc\u015fterilerimize bundan b\u00f6yle T\u00fcrk liras\u0131 teklifi veriyoruz. Ekinexpo\u2019da yabanc\u0131 para kullan\u0131m\u0131 sona erdi\u201d dedi.<\/h2><p>Cumhurba\u015fkan\u0131 Recep Tayyip Erdo\u011fan&#8217;\u0131n, &#8220;D\u00f6vizleri bozdurup T\u00fcrk Liras\u0131 ve alt\u0131na yat\u0131r\u0131m yap\u0131n&#8221; \u00e7a\u011fr\u0131s\u0131na Fuar tasar\u0131mc\u0131lar\u0131ndan destek geldi. Ekinexpo Y\u00f6netim Kurulu Ba\u015fkan\u0131 Tacettin Ekinci yapt\u0131\u011f\u0131 a\u00e7\u0131klamada &#8220;Cumhurba\u015fkan\u0131m\u0131z\u0131n yapt\u0131\u011f\u0131 \u00e7a\u011fr\u0131n\u0131n ard\u0131ndan \u00fclkenin her yerinde esnaf ve sanatkarlar\u0131m\u0131z\u0131n kendi gayretleri ve kendi \u00e7abalar\u0131 ile ba\u015flatm\u0131\u015f olduklar\u0131 kampanyaya Fuar stand tasar\u0131m ve uygulama sekt\u00f6r\u00fc olarak bizlerde destek veriyoruz. Tasar\u0131m uygulamalar\u0131nda m\u00fc\u015fterilerimize bundan b\u00f6yle T\u00fcrk liras\u0131 teklifi veriyoruz. Ekinexpo\u2019da yabanc\u0131 para kullan\u0131m\u0131 sona erdi\u201d dedi.<\/p><p>Ekinci, dolar\u0131n y\u00fckseli\u015finin T\u00fcrkiye ile alakal\u0131 olmad\u0131\u011f\u0131 kanaatinde olduklar\u0131n\u0131 belirterek &#8220;\u00d6nceki y\u0131llarda b\u00fct\u00fcn d\u00fcnyada ya\u015fanan k\u00fcresel krizden T\u00fcrkiye olarak bu kadar etkilenmedik. \u00c7e\u015fitli petrol krizleri oldu ama dolarda bir y\u00fckseli\u015f g\u00f6rmedik. \u015euanda d\u00fcnya ekonomisinde kriz denecek hi\u00e7bir bir \u015fey yokken T\u00fcrkiye&#8217;de dolar\u0131n bu \u015fekilde y\u00fckseliyor olmas\u0131 manidard\u0131r. Cumhurba\u015fkan\u0131m\u0131z\u0131n da belirtti\u011fi gibi dolardaki a\u015f\u0131r\u0131 dalgalanma T\u00fcrkiye&#8217;ye ekonomik y\u00f6nden bir darbe vurabilmenin gayreti ve amac\u0131d\u0131r. Bu dalgalanman\u0131n kimlere ve neye hizmet etti\u011fini ilerleyen zamanlarda g\u00f6rece\u011fiz. Suriye 6 y\u0131ld\u0131r sava\u015fta olan bir \u00fclke ve 6 y\u0131ld\u0131r sava\u015fta olan bu \u00fclkenin T\u00fcrk paras\u0131 kar\u015f\u0131s\u0131nda bu g\u00fcnlerde de\u011fer kazanmas\u0131 da son derece manidar&#8221; \u015feklinde konu\u015ftu.<\/p>","protected":false},"excerpt":{"rendered":"<p>Ekinexpo Y\u00f6netim Kurulu Ba\u015fkan\u0131 Tacettin Ekinci, T\u00fcrkiye&#8217;deki esnaf ve sanatkarlar\u0131n kendi \u00e7abalar\u0131 ile ba\u015flatm\u0131\u015f olduklar\u0131 kampanyaya fuar stand tasar\u0131m ve uygulama sekt\u00f6r\u00fc olarak destek verdiklerini a\u00e7\u0131klad\u0131. Ekinci, &#8220;Tasar\u0131m uygulamalar\u0131nda m\u00fc\u015fterilerimize bundan b\u00f6yle T\u00fcrk liras\u0131 teklifi veriyoruz. Ekinexpo\u2019da yabanc\u0131 para kullan\u0131m\u0131 sona erdi\u201d dedi. Cumhurba\u015fkan\u0131 Recep Tayyip Erdo\u011fan&#8217;\u0131n, &#8220;D\u00f6vizleri bozdurup T\u00fcrk Liras\u0131 ve alt\u0131na yat\u0131r\u0131m yap\u0131n&#8221; \u00e7a\u011fr\u0131s\u0131na Fuar tasar\u0131mc\u0131lar\u0131ndan destek geldi. &hellip;<\/p>\n","protected":false},"author":1,"featured_media":675,"comment_status":"open","ping_status":"open","sticky":false,"template":"","format":"standard","meta":{"_monsterinsights_skip_tracking":false,"_monsterinsights_sitenote_active":false,"_monsterinsights_sitenote_note":"","_monsterinsights_sitenote_category":0,"footnotes":""},"categories":[19],"tags":[],"class_list":["post-218","post","type-post","status-publish","format-standard","has-post-thumbnail","hentry","category-uncategorized"],"aioseo_notices":[],"_links":{"self":[{"href":"https:\/\/ekinexpo.com\/index.php\/wp-json\/wp\/v2\/posts\/218","targetHints":{"allow":["GET"]}}],"collection":[{"href":"https:\/\/ekinexpo.com\/index.php\/wp-json\/wp\/v2\/posts"}],"about":[{"href":"https:\/\/ekinexpo.com\/index.php\/wp-json\/wp\/v2\/types\/post"}],"author":[{"embeddable":true,"href":"https:\/\/ekinexpo.com\/index.php\/wp-json\/wp\/v2\/users\/1"}],"replies":[{"embeddable":true,"href":"https:\/\/ekinexpo.com\/index.php\/wp-json\/wp\/v2\/comments?post=218"}],"version-history":[{"count":1,"href":"https:\/\/ekinexpo.com\/index.php\/wp-json\/wp\/v2\/posts\/218\/revisions"}],"predecessor-version":[{"id":676,"href":"https:\/\/ekinexpo.com\/index.php\/wp-json\/wp\/v2\/posts\/218\/revisions\/676"}],"wp:featuredmedia":[{"embeddable":true,"href":"https:\/\/ekinexpo.com\/index.php\/wp-json\/wp\/v2\/media\/675"}],"wp:attachment":[{"href":"https:\/\/ekinexpo.com\/index.php\/wp-json\/wp\/v2\/media?parent=218"}],"wp:term":[{"taxonomy":"category","embeddable":true,"href":"https:\/\/ekinexpo.com\/index.php\/wp-json\/wp\/v2\/categories?post=218"},{"taxonomy":"post_tag","embeddable":true,"href":"https:\/\/ekinexpo.com\/index.php\/wp-json\/wp\/v2\/tags?post=218"}],"curies":[{"name":"wp","href":"https:\/\/api.w.org\/{rel}","templated":true}]}}